{"id":5262,"date":"2022-10-06T11:03:02","date_gmt":"2022-10-06T11:03:02","guid":{"rendered":"https:\/\/santiagotalavera.com\/estampa-2022-feria-arte\/"},"modified":"2023-03-01T11:03:59","modified_gmt":"2023-03-01T11:03:59","slug":"estampa-2022-art-fair","status":"publish","type":"post","link":"https:\/\/santiagotalavera.com\/en\/estampa-2022-art-fair\/","title":{"rendered":"Estampa 2022"},"content":{"rendered":"\n<figure class=\"wp-block-image size-large\"><a href=\"https:\/\/santiagotalavera.com\/works\/las-cosas-cambiaron-tan-rapido-que-resulto-dificil-acompanarlas\/\" target=\"_blank\" rel=\"noopener\"><img loading=\"lazy\" decoding=\"async\" width=\"960\" height=\"536\" src=\"https:\/\/santiagotalavera.com\/wp-content\/uploads\/2022\/10\/estampa01-960x536.jpg\" alt=\"Santiago Talavera Estampa 2022\" class=\"wp-image-5257\" srcset=\"https:\/\/santiagotalavera.com\/wp-content\/uploads\/2022\/10\/estampa01-960x536.jpg 960w, https:\/\/santiagotalavera.com\/wp-content\/uploads\/2022\/10\/estampa01-768x429.jpg 768w, https:\/\/santiagotalavera.com\/wp-content\/uploads\/2022\/10\/estampa01-1536x858.jpg 1536w, https:\/\/santiagotalavera.com\/wp-content\/uploads\/2022\/10\/estampa01-2048x1143.jpg 2048w\" sizes=\"auto, (max-width: 960px) 100vw, 960px\" \/><\/a><\/figure>\n\n\n\n<p>Estampa 2022 Art Fair. DFrom October 13 to 16 I will be at&nbsp;<a rel=\"noreferrer noopener\" href=\"https:\/\/www.instagram.com\/estampacontemporaryartfair\/\" target=\"_blank\">Estampa 2022<\/a> with <a rel=\"noreferrer noopener\" href=\"https:\/\/www.victorlope.com\/\" target=\"_blank\">Victor Lope Arte Contempor\u00e1neo<\/a>. The stand will also present a series of works by artists Cesc Abad, Carsten Beck, Mario Dilitz, Patrik Grijalvo, Jacinto Moros and Javier Ruiz. For more details, contact Galer\u00eda V\u00edctor Lope Arte Contempor\u00e1neo. &#x2728;<\/p>\n<p>In Pavilion 5 of the IFEMA MADRID fairgrounds<\/p>\n<p><a rel=\"noreferrer noopener\" href=\"https:\/\/linktr.ee\/estampacontemporaryartfair\" target=\"_blank\">Estampa<\/a> is a contemporary art fair that has been held in the autumn of Madrid for 29 years, whose scope of work is the art market in Spain, and its concern is the formation and stabilization of a sustainable collection for a gallery that is constantly growing and updating In our country. The fair is articulated around a General Program of great Spanish galleries and a series of programs whose curators present the most recent news in the practice of contemporary art or place the focus on more experimental issues that are less frequented by the general public. Our collectors program brings together a selection of international buyers who come to Estampa every year to discover or corroborate the quality of our national galleries and is completed with a program of activities focused on the exploration and review of contemporary art collecting in Spain. and Portugal. ESTAMPA promotes a National and International Collectors Program, with a special invitation to private collectors, advisors and collection managers, institutional directors and market and collecting professionals from all over Europe.<\/p>\n<p>Acquisition prizes awarded by different institutions, residencies, meetings and professional forums, in addition to visiting programs and relations with the public, have an increasing presence in each edition, to insist on the commitment of public collecting and private, and our professionals with the art market in Spain.<\/p>\n\n\n","protected":false},"excerpt":{"rendered":"<p>From October 13 to 16 I will be at Estampa 2022 at the Victor Lope Arte Contempor\u00e1neo stand<\/p>\n","protected":false},"author":1,"featured_media":5258,"comment_status":"closed","ping_status":"open","sticky":true,"template":"","format":"standard","meta":{"footnotes":""},"categories":[1005],"tags":[134,135,561,356,46,394,945,109,946],"class_list":["post-5262","post","type-post","status-publish","format-standard","has-post-thumbnail","hentry","category-art-fair","tag-art","tag-arte-contemporaneo","tag-artist-2","tag-contemporary-art","tag-dibujos","tag-dibujo","tag-feria-de-arte-en","tag-santiago-talavera","tag-spanish-art-en"],"yoast_head":"<!-- This site is optimized with the Yoast SEO Premium plugin v20.3 (Yoast SEO v27.5) - https:\/\/yoast.com\/product\/yoast-seo-premium-wordpress\/ -->\n<title>Estampa 2022 Art Fair<\/title>\n<meta name=\"description\" content=\"Estampa 2022 Art Fair. Santiago Talavera at Estampa 2022 with Victor Lope Arte Contempor\u00e1neo. October 13th to 16\" \/>\n<meta name=\"robots\" content=\"noindex, follow\" \/>\n<meta property=\"og:locale\" content=\"en_US\" \/>\n<meta property=\"og:type\" content=\"article\" \/>\n<meta property=\"og:title\" content=\"Estampa 2022\" \/>\n<meta property=\"og:description\" content=\"Estampa 2022 Art Fair. Santiago Talavera at Estampa 2022 with Victor Lope Arte Contempor\u00e1neo. October 13th to 16\" \/>\n<meta property=\"og:url\" content=\"https:\/\/santiagotalavera.com\/en\/estampa-2022-art-fair\/\" \/>\n<meta property=\"og:site_name\" content=\"Santiago Talavera\" \/>\n<meta property=\"article:publisher\" content=\"https:\/\/www.facebook.com\/SantiagoTalavera\" \/>\n<meta property=\"article:author\" content=\"https:\/\/www.facebook.com\/SantiagoTalavera\" \/>\n<meta property=\"article:published_time\" content=\"2022-10-06T11:03:02+00:00\" \/>\n<meta property=\"article:modified_time\" content=\"2023-03-01T11:03:59+00:00\" \/>\n<meta property=\"og:image\" content=\"https:\/\/santiagotalavera.com\/wp-content\/uploads\/2022\/10\/estampa01.jpg\" \/>\n\t<meta property=\"og:image:width\" content=\"2400\" \/>\n\t<meta property=\"og:image:height\" content=\"1340\" \/>\n\t<meta property=\"og:image:type\" content=\"image\/jpeg\" \/>\n<meta name=\"author\" content=\"admin\" \/>\n<meta name=\"twitter:card\" content=\"summary_large_image\" \/>\n<meta name=\"twitter:creator\" content=\"@https:\/\/twitter.com\/s_talavera\" \/>\n<meta name=\"twitter:site\" content=\"@s_talavera\" \/>\n<meta name=\"twitter:label1\" content=\"Written by\" \/>\n\t<meta name=\"twitter:data1\" content=\"admin\" \/>\n\t<meta name=\"twitter:label2\" content=\"Est. reading time\" \/>\n\t<meta name=\"twitter:data2\" content=\"2 minutes\" \/>\n<script type=\"application\/ld+json\" class=\"yoast-schema-graph\">{\"@context\":\"https:\\\/\\\/schema.org\",\"@graph\":[{\"@type\":\"Article\",\"@id\":\"https:\\\/\\\/santiagotalavera.com\\\/en\\\/estampa-2022-art-fair\\\/#article\",\"isPartOf\":{\"@id\":\"https:\\\/\\\/santiagotalavera.com\\\/en\\\/estampa-2022-art-fair\\\/\"},\"author\":{\"name\":\"admin\",\"@id\":\"https:\\\/\\\/santiagotalavera.com\\\/en\\\/#\\\/schema\\\/person\\\/985ce85300bef9690024b5fca2069b28\"},\"headline\":\"Estampa 2022\",\"datePublished\":\"2022-10-06T11:03:02+00:00\",\"dateModified\":\"2023-03-01T11:03:59+00:00\",\"mainEntityOfPage\":{\"@id\":\"https:\\\/\\\/santiagotalavera.com\\\/en\\\/estampa-2022-art-fair\\\/\"},\"wordCount\":285,\"publisher\":{\"@id\":\"https:\\\/\\\/santiagotalavera.com\\\/en\\\/#\\\/schema\\\/person\\\/14329614a1823da35e68d37318e84d37\"},\"image\":{\"@id\":\"https:\\\/\\\/santiagotalavera.com\\\/en\\\/estampa-2022-art-fair\\\/#primaryimage\"},\"thumbnailUrl\":\"https:\\\/\\\/santiagotalavera.com\\\/wp-content\\\/uploads\\\/2022\\\/10\\\/estampa01.jpg\",\"keywords\":[\"Art\",\"arte contempor\u00e1neo\",\"artist\",\"contemporary art\",\"dibujo\",\"Drawing\",\"Feria de arte\",\"Santiago Talavera\",\"Spanish art\"],\"articleSection\":[\"Art Fair\"],\"inLanguage\":\"en-US\"},{\"@type\":\"WebPage\",\"@id\":\"https:\\\/\\\/santiagotalavera.com\\\/en\\\/estampa-2022-art-fair\\\/\",\"url\":\"https:\\\/\\\/santiagotalavera.com\\\/en\\\/estampa-2022-art-fair\\\/\",\"name\":\"Estampa 2022 Art Fair\",\"isPartOf\":{\"@id\":\"https:\\\/\\\/santiagotalavera.com\\\/en\\\/#website\"},\"primaryImageOfPage\":{\"@id\":\"https:\\\/\\\/santiagotalavera.com\\\/en\\\/estampa-2022-art-fair\\\/#primaryimage\"},\"image\":{\"@id\":\"https:\\\/\\\/santiagotalavera.com\\\/en\\\/estampa-2022-art-fair\\\/#primaryimage\"},\"thumbnailUrl\":\"https:\\\/\\\/santiagotalavera.com\\\/wp-content\\\/uploads\\\/2022\\\/10\\\/estampa01.jpg\",\"datePublished\":\"2022-10-06T11:03:02+00:00\",\"dateModified\":\"2023-03-01T11:03:59+00:00\",\"description\":\"Estampa 2022 Art Fair. Santiago Talavera at Estampa 2022 with Victor Lope Arte Contempor\u00e1neo. October 13th to 16\",\"breadcrumb\":{\"@id\":\"https:\\\/\\\/santiagotalavera.com\\\/en\\\/estampa-2022-art-fair\\\/#breadcrumb\"},\"inLanguage\":\"en-US\",\"potentialAction\":[{\"@type\":\"ReadAction\",\"target\":[\"https:\\\/\\\/santiagotalavera.com\\\/en\\\/estampa-2022-art-fair\\\/\"]}]},{\"@type\":\"ImageObject\",\"inLanguage\":\"en-US\",\"@id\":\"https:\\\/\\\/santiagotalavera.com\\\/en\\\/estampa-2022-art-fair\\\/#primaryimage\",\"url\":\"https:\\\/\\\/santiagotalavera.com\\\/wp-content\\\/uploads\\\/2022\\\/10\\\/estampa01.jpg\",\"contentUrl\":\"https:\\\/\\\/santiagotalavera.com\\\/wp-content\\\/uploads\\\/2022\\\/10\\\/estampa01.jpg\",\"width\":2400,\"height\":1340,\"caption\":\"Santiago Talavera\"},{\"@type\":\"BreadcrumbList\",\"@id\":\"https:\\\/\\\/santiagotalavera.com\\\/en\\\/estampa-2022-art-fair\\\/#breadcrumb\",\"itemListElement\":[{\"@type\":\"ListItem\",\"position\":1,\"name\":\"Portada\",\"item\":\"https:\\\/\\\/santiagotalavera.com\\\/en\\\/\"},{\"@type\":\"ListItem\",\"position\":2,\"name\":\"Estampa 2022\"}]},{\"@type\":\"WebSite\",\"@id\":\"https:\\\/\\\/santiagotalavera.com\\\/en\\\/#website\",\"url\":\"https:\\\/\\\/santiagotalavera.com\\\/en\\\/\",\"name\":\"Santiago Talavera\",\"description\":\"Santiago Talavera. Web oficial donde encontrar la obra de Santiago Talavera, artista contempor\u00e1neo espa\u00f1ol. Spanish contemporary artist.\",\"publisher\":{\"@id\":\"https:\\\/\\\/santiagotalavera.com\\\/en\\\/#\\\/schema\\\/person\\\/14329614a1823da35e68d37318e84d37\"},\"potentialAction\":[{\"@type\":\"SearchAction\",\"target\":{\"@type\":\"EntryPoint\",\"urlTemplate\":\"https:\\\/\\\/santiagotalavera.com\\\/en\\\/?s={search_term_string}\"},\"query-input\":{\"@type\":\"PropertyValueSpecification\",\"valueRequired\":true,\"valueName\":\"search_term_string\"}}],\"inLanguage\":\"en-US\"},{\"@type\":[\"Person\",\"Organization\"],\"@id\":\"https:\\\/\\\/santiagotalavera.com\\\/en\\\/#\\\/schema\\\/person\\\/14329614a1823da35e68d37318e84d37\",\"name\":\"Santiago Talavera\",\"image\":{\"@type\":\"ImageObject\",\"inLanguage\":\"en-US\",\"@id\":\"https:\\\/\\\/santiagotalavera.com\\\/wp-content\\\/uploads\\\/2024\\\/03\\\/Nave_Sotoliva_Santiago_Talavera_ALTA_\u00a9_Campo_Visible_163-scaled.jpg\",\"url\":\"https:\\\/\\\/santiagotalavera.com\\\/wp-content\\\/uploads\\\/2024\\\/03\\\/Nave_Sotoliva_Santiago_Talavera_ALTA_\u00a9_Campo_Visible_163-scaled.jpg\",\"contentUrl\":\"https:\\\/\\\/santiagotalavera.com\\\/wp-content\\\/uploads\\\/2024\\\/03\\\/Nave_Sotoliva_Santiago_Talavera_ALTA_\u00a9_Campo_Visible_163-scaled.jpg\",\"width\":1707,\"height\":2560,\"caption\":\"Santiago Talavera\"},\"logo\":{\"@id\":\"https:\\\/\\\/santiagotalavera.com\\\/wp-content\\\/uploads\\\/2024\\\/03\\\/Nave_Sotoliva_Santiago_Talavera_ALTA_\u00a9_Campo_Visible_163-scaled.jpg\"},\"sameAs\":[\"http:\\\/\\\/santiagotalavera.com\",\"https:\\\/\\\/www.facebook.com\\\/SantiagoTalavera\",\"https:\\\/\\\/www.instagram.com\\\/santiagotalavera\\\/\",\"https:\\\/\\\/www.linkedin.com\\\/in\\\/santiagotalavera\\\/\",\"https:\\\/\\\/www.pinterest.es\\\/SantiagoTalave\",\"https:\\\/\\\/x.com\\\/https:\\\/\\\/twitter.com\\\/s_talavera\",\"https:\\\/\\\/www.youtube.com\\\/channel\\\/UCBXbwuImVuvZMzHqKjyNUSw\",\"https:\\\/\\\/soundcloud.com\\\/santiago-talavera\"]},{\"@type\":\"Person\",\"@id\":\"https:\\\/\\\/santiagotalavera.com\\\/en\\\/#\\\/schema\\\/person\\\/985ce85300bef9690024b5fca2069b28\",\"name\":\"admin\",\"image\":{\"@type\":\"ImageObject\",\"inLanguage\":\"en-US\",\"@id\":\"https:\\\/\\\/secure.gravatar.com\\\/avatar\\\/05e0e3dab104e31b0fc713cd0c9c4d28d2cfd2763ed88364957560aaa6d5a8b2?s=96&d=mm&r=g\",\"url\":\"https:\\\/\\\/secure.gravatar.com\\\/avatar\\\/05e0e3dab104e31b0fc713cd0c9c4d28d2cfd2763ed88364957560aaa6d5a8b2?s=96&d=mm&r=g\",\"contentUrl\":\"https:\\\/\\\/secure.gravatar.com\\\/avatar\\\/05e0e3dab104e31b0fc713cd0c9c4d28d2cfd2763ed88364957560aaa6d5a8b2?s=96&d=mm&r=g\",\"caption\":\"admin\"},\"sameAs\":[\"http:\\\/\\\/santiagotalavera.com\",\"https:\\\/\\\/www.facebook.com\\\/SantiagoTalavera\",\"https:\\\/\\\/www.instagram.com\\\/santiagotalavera\\\/\",\"https:\\\/\\\/www.linkedin.com\\\/in\\\/santiagotalavera\\\/\",\"https:\\\/\\\/www.pinterest.es\\\/SantiagoTalave\",\"https:\\\/\\\/x.com\\\/https:\\\/\\\/twitter.com\\\/s_talavera\",\"https:\\\/\\\/www.youtube.com\\\/channel\\\/UCBXbwuImVuvZMzHqKjyNUSw\",\"https:\\\/\\\/soundcloud.com\\\/santiago-talavera\"]}]}<\/script>\n<!-- \/ Yoast SEO Premium plugin. -->","yoast_head_json":{"title":"Estampa 2022 Art Fair","description":"Estampa 2022 Art Fair. Santiago Talavera at Estampa 2022 with Victor Lope Arte Contempor\u00e1neo. October 13th to 16","robots":{"index":"noindex","follow":"follow"},"og_locale":"en_US","og_type":"article","og_title":"Estampa 2022","og_description":"Estampa 2022 Art Fair. Santiago Talavera at Estampa 2022 with Victor Lope Arte Contempor\u00e1neo. October 13th to 16","og_url":"https:\/\/santiagotalavera.com\/en\/estampa-2022-art-fair\/","og_site_name":"Santiago Talavera","article_publisher":"https:\/\/www.facebook.com\/SantiagoTalavera","article_author":"https:\/\/www.facebook.com\/SantiagoTalavera","article_published_time":"2022-10-06T11:03:02+00:00","article_modified_time":"2023-03-01T11:03:59+00:00","og_image":[{"width":2400,"height":1340,"url":"https:\/\/santiagotalavera.com\/wp-content\/uploads\/2022\/10\/estampa01.jpg","type":"image\/jpeg"}],"author":"admin","twitter_card":"summary_large_image","twitter_creator":"@https:\/\/twitter.com\/s_talavera","twitter_site":"@s_talavera","twitter_misc":{"Written by":"admin","Est. reading time":"2 minutes"},"schema":{"@context":"https:\/\/schema.org","@graph":[{"@type":"Article","@id":"https:\/\/santiagotalavera.com\/en\/estampa-2022-art-fair\/#article","isPartOf":{"@id":"https:\/\/santiagotalavera.com\/en\/estampa-2022-art-fair\/"},"author":{"name":"admin","@id":"https:\/\/santiagotalavera.com\/en\/#\/schema\/person\/985ce85300bef9690024b5fca2069b28"},"headline":"Estampa 2022","datePublished":"2022-10-06T11:03:02+00:00","dateModified":"2023-03-01T11:03:59+00:00","mainEntityOfPage":{"@id":"https:\/\/santiagotalavera.com\/en\/estampa-2022-art-fair\/"},"wordCount":285,"publisher":{"@id":"https:\/\/santiagotalavera.com\/en\/#\/schema\/person\/14329614a1823da35e68d37318e84d37"},"image":{"@id":"https:\/\/santiagotalavera.com\/en\/estampa-2022-art-fair\/#primaryimage"},"thumbnailUrl":"https:\/\/santiagotalavera.com\/wp-content\/uploads\/2022\/10\/estampa01.jpg","keywords":["Art","arte contempor\u00e1neo","artist","contemporary art","dibujo","Drawing","Feria de arte","Santiago Talavera","Spanish art"],"articleSection":["Art Fair"],"inLanguage":"en-US"},{"@type":"WebPage","@id":"https:\/\/santiagotalavera.com\/en\/estampa-2022-art-fair\/","url":"https:\/\/santiagotalavera.com\/en\/estampa-2022-art-fair\/","name":"Estampa 2022 Art Fair","isPartOf":{"@id":"https:\/\/santiagotalavera.com\/en\/#website"},"primaryImageOfPage":{"@id":"https:\/\/santiagotalavera.com\/en\/estampa-2022-art-fair\/#primaryimage"},"image":{"@id":"https:\/\/santiagotalavera.com\/en\/estampa-2022-art-fair\/#primaryimage"},"thumbnailUrl":"https:\/\/santiagotalavera.com\/wp-content\/uploads\/2022\/10\/estampa01.jpg","datePublished":"2022-10-06T11:03:02+00:00","dateModified":"2023-03-01T11:03:59+00:00","description":"Estampa 2022 Art Fair. Santiago Talavera at Estampa 2022 with Victor Lope Arte Contempor\u00e1neo. October 13th to 16","breadcrumb":{"@id":"https:\/\/santiagotalavera.com\/en\/estampa-2022-art-fair\/#breadcrumb"},"inLanguage":"en-US","potentialAction":[{"@type":"ReadAction","target":["https:\/\/santiagotalavera.com\/en\/estampa-2022-art-fair\/"]}]},{"@type":"ImageObject","inLanguage":"en-US","@id":"https:\/\/santiagotalavera.com\/en\/estampa-2022-art-fair\/#primaryimage","url":"https:\/\/santiagotalavera.com\/wp-content\/uploads\/2022\/10\/estampa01.jpg","contentUrl":"https:\/\/santiagotalavera.com\/wp-content\/uploads\/2022\/10\/estampa01.jpg","width":2400,"height":1340,"caption":"Santiago Talavera"},{"@type":"BreadcrumbList","@id":"https:\/\/santiagotalavera.com\/en\/estampa-2022-art-fair\/#breadcrumb","itemListElement":[{"@type":"ListItem","position":1,"name":"Portada","item":"https:\/\/santiagotalavera.com\/en\/"},{"@type":"ListItem","position":2,"name":"Estampa 2022"}]},{"@type":"WebSite","@id":"https:\/\/santiagotalavera.com\/en\/#website","url":"https:\/\/santiagotalavera.com\/en\/","name":"Santiago Talavera","description":"Santiago Talavera. Web oficial donde encontrar la obra de Santiago Talavera, artista contempor\u00e1neo espa\u00f1ol. Spanish contemporary artist.","publisher":{"@id":"https:\/\/santiagotalavera.com\/en\/#\/schema\/person\/14329614a1823da35e68d37318e84d37"},"potentialAction":[{"@type":"SearchAction","target":{"@type":"EntryPoint","urlTemplate":"https:\/\/santiagotalavera.com\/en\/?s={search_term_string}"},"query-input":{"@type":"PropertyValueSpecification","valueRequired":true,"valueName":"search_term_string"}}],"inLanguage":"en-US"},{"@type":["Person","Organization"],"@id":"https:\/\/santiagotalavera.com\/en\/#\/schema\/person\/14329614a1823da35e68d37318e84d37","name":"Santiago Talavera","image":{"@type":"ImageObject","inLanguage":"en-US","@id":"https:\/\/santiagotalavera.com\/wp-content\/uploads\/2024\/03\/Nave_Sotoliva_Santiago_Talavera_ALTA_\u00a9_Campo_Visible_163-scaled.jpg","url":"https:\/\/santiagotalavera.com\/wp-content\/uploads\/2024\/03\/Nave_Sotoliva_Santiago_Talavera_ALTA_\u00a9_Campo_Visible_163-scaled.jpg","contentUrl":"https:\/\/santiagotalavera.com\/wp-content\/uploads\/2024\/03\/Nave_Sotoliva_Santiago_Talavera_ALTA_\u00a9_Campo_Visible_163-scaled.jpg","width":1707,"height":2560,"caption":"Santiago Talavera"},"logo":{"@id":"https:\/\/santiagotalavera.com\/wp-content\/uploads\/2024\/03\/Nave_Sotoliva_Santiago_Talavera_ALTA_\u00a9_Campo_Visible_163-scaled.jpg"},"sameAs":["http:\/\/santiagotalavera.com","https:\/\/www.facebook.com\/SantiagoTalavera","https:\/\/www.instagram.com\/santiagotalavera\/","https:\/\/www.linkedin.com\/in\/santiagotalavera\/","https:\/\/www.pinterest.es\/SantiagoTalave","https:\/\/x.com\/https:\/\/twitter.com\/s_talavera","https:\/\/www.youtube.com\/channel\/UCBXbwuImVuvZMzHqKjyNUSw","https:\/\/soundcloud.com\/santiago-talavera"]},{"@type":"Person","@id":"https:\/\/santiagotalavera.com\/en\/#\/schema\/person\/985ce85300bef9690024b5fca2069b28","name":"admin","image":{"@type":"ImageObject","inLanguage":"en-US","@id":"https:\/\/secure.gravatar.com\/avatar\/05e0e3dab104e31b0fc713cd0c9c4d28d2cfd2763ed88364957560aaa6d5a8b2?s=96&d=mm&r=g","url":"https:\/\/secure.gravatar.com\/avatar\/05e0e3dab104e31b0fc713cd0c9c4d28d2cfd2763ed88364957560aaa6d5a8b2?s=96&d=mm&r=g","contentUrl":"https:\/\/secure.gravatar.com\/avatar\/05e0e3dab104e31b0fc713cd0c9c4d28d2cfd2763ed88364957560aaa6d5a8b2?s=96&d=mm&r=g","caption":"admin"},"sameAs":["http:\/\/santiagotalavera.com","https:\/\/www.facebook.com\/SantiagoTalavera","https:\/\/www.instagram.com\/santiagotalavera\/","https:\/\/www.linkedin.com\/in\/santiagotalavera\/","https:\/\/www.pinterest.es\/SantiagoTalave","https:\/\/x.com\/https:\/\/twitter.com\/s_talavera","https:\/\/www.youtube.com\/channel\/UCBXbwuImVuvZMzHqKjyNUSw","https:\/\/soundcloud.com\/santiago-talavera"]}]}},"_links":{"self":[{"href":"https:\/\/santiagotalavera.com\/en\/wp-json\/wp\/v2\/posts\/5262","targetHints":{"allow":["GET"]}}],"collection":[{"href":"https:\/\/santiagotalavera.com\/en\/wp-json\/wp\/v2\/posts"}],"about":[{"href":"https:\/\/santiagotalavera.com\/en\/wp-json\/wp\/v2\/types\/post"}],"author":[{"embeddable":true,"href":"https:\/\/santiagotalavera.com\/en\/wp-json\/wp\/v2\/users\/1"}],"replies":[{"embeddable":true,"href":"https:\/\/santiagotalavera.com\/en\/wp-json\/wp\/v2\/comments?post=5262"}],"version-history":[{"count":1,"href":"https:\/\/santiagotalavera.com\/en\/wp-json\/wp\/v2\/posts\/5262\/revisions"}],"predecessor-version":[{"id":5264,"href":"https:\/\/santiagotalavera.com\/en\/wp-json\/wp\/v2\/posts\/5262\/revisions\/5264"}],"wp:featuredmedia":[{"embeddable":true,"href":"https:\/\/santiagotalavera.com\/en\/wp-json\/wp\/v2\/media\/5258"}],"wp:attachment":[{"href":"https:\/\/santiagotalavera.com\/en\/wp-json\/wp\/v2\/media?parent=5262"}],"wp:term":[{"taxonomy":"category","embeddable":true,"href":"https:\/\/santiagotalavera.com\/en\/wp-json\/wp\/v2\/categories?post=5262"},{"taxonomy":"post_tag","embeddable":true,"href":"https:\/\/santiagotalavera.com\/en\/wp-json\/wp\/v2\/tags?post=5262"}],"curies":[{"name":"wp","href":"https:\/\/api.w.org\/{rel}","templated":true}]}}